{"id":7474,"date":"2021-11-25T17:07:42","date_gmt":"2021-11-25T16:07:42","guid":{"rendered":"https:\/\/www.wim.tv\/uncategorized\/the-cube-uma-noticia-de-recorde-entre-os-eventos-de-transmissao-ao-vivo\/"},"modified":"2021-11-25T17:07:42","modified_gmt":"2021-11-25T16:07:42","slug":"the-cube-uma-noticia-de-recorde-entre-os-eventos-de-transmissao-ao-vivo","status":"publish","type":"post","link":"https:\/\/www.wim.tv\/pt-pt\/blog-pt-pt\/the-cube-uma-noticia-de-recorde-entre-os-eventos-de-transmissao-ao-vivo\/","title":{"rendered":"The Cube: uma not\u00edcia de recorde entre os eventos de transmiss\u00e3o ao vivo"},"content":{"rendered":"<p>Hoje em dia, entre os <a href=\"\/pt-pt\/funcionalidades\/eventos-ao-vivo\/\">eventos de streaming ao vivo<\/a> da WimTV, todas as aten\u00e7\u00f5es est\u00e3o voltadas para o <em><strong>The Cube<\/strong><\/em>. Este \u00e9 o <strong>desafio extremo do ilusionista Christian Carapezza<\/strong>, que parece estar muito determinado a quebrar o recorde mundial e entrar no <em><strong>Recorde Mundial do Guinness<\/strong><\/em> com esta performance incr\u00edvel.<!--more--><\/p>\n<p><strong><span style=\"font-size: 24pt;\">Algumas informa\u00e7\u00f5es sobre o desempenho:<\/span><\/strong><\/p>\n<ul>\n<li>Christian est\u00e1 fechado em um <strong>cubo de vidro transparente medindo dois metros por dois, sem comida;<\/strong><\/li>\n<li>o cubo est\u00e1 <strong>suspenso no ar<\/strong> e est\u00e1 localizado bem em frente \u00e0 entrada do shopping <strong>Conca D&#8217;Oro em Palermo;<\/strong><\/li>\n<li>Ningu\u00e9m pode interagir fisicamente com o ilusionista, mas <strong>voc\u00ea pode se comunicar com ele<\/strong> escrevendo para ele diretamente no chat em seus perfis sociais;<\/li>\n<\/ul>\n<p>Voc\u00ea pode acompanhar o <strong>evento em transmiss\u00e3o ao vivo.<\/strong> Dentro da caixa, na verdade, h\u00e1 uma webcam ativa <strong>24 horas por dia.<\/strong><\/p>\n<p><strong>N\u00e3o \u00e9 a primeira vez<\/strong> que o ilusionista tenta esse dif\u00edcil desafio. A primeira experi\u00eancia foi realizada no ano passado, mas, devido ao in\u00edcio da pandemia, Christian teve que parar.<\/p>\n<p><strong><span style=\"font-size: 24pt;\">WimTV \u00e9 a plataforma n\u00famero um para eventos de transmiss\u00e3o ao vivo<\/span><\/strong><\/p>\n<p>A partir das 18h no<strong> s\u00e1bado, 30 de outubro<\/strong> <strong>de 2021<\/strong>, Christian est\u00e1 trancado dentro do cubo de vidro para testar toda a sua <strong>resist\u00eancia f\u00edsica e mental novamente<\/strong>. O desafio est\u00e1 cada vez mais atraindo o olhar das pessoas que por ali passam. As visualiza\u00e7\u00f5es online na <strong>WimTV, a \u00fanica plataforma que est\u00e1 transmitindo este evento \u00fanico ao vivo, tamb\u00e9m aumentam a cada dia.<\/strong><\/p>\n<p><span style=\"font-size: 18pt;\"><strong>Por que assistir Christian Carapezza ao vivo<\/strong><\/span><\/p>\n<p>Christian Carapezza \u00e9 <strong>autor e protagonista de espet\u00e1culos internacionais.<\/strong> Citamos, entre muitos outros, o <em>Danger Show<\/em>, uma fus\u00e3o de t\u00e9cnicas de ilusionismo, faquirismo, escapologia e mentalismo.<\/p>\n<p>A essa altura, todos est\u00e3o torcendo por ele: em Palermo n\u00e3o se fala de outra coisa. Amigos, artistas e conhecidos de <strong>toda a It\u00e1lia v\u00eam apoi\u00e1-lo em seu desafio.<\/strong> O que voc\u00ea est\u00e1 esperando para fazer o mesmo?<\/p>\n<p><strong><span style=\"font-size: 24pt;\">Transmita todos os seus v\u00eddeos com WimTV<\/span><\/strong><\/p>\n<p>Todos os dias, a WimTV \u00e9 escolhida por diversos profissionais do setor. Ela permite que voc\u00ea <strong>transmita ao vivo, crie agendas e compartilhe seus v\u00eddeos em todas as plataformas.<\/strong> Voc\u00ea tamb\u00e9m pode come\u00e7ar a transmitir seus eventos de transmiss\u00e3o ao vivo na WimTV. <a href=\"\/pt-pt\/como-funciona\/\">Contate-nos<\/a> para mais informa\u00e7\u00f5es e para iniciar um<strong> teste gratuito<\/strong> de duas semanas.<\/p>\n","protected":false},"excerpt":{"rendered":"<p>Hoje em dia, entre os eventos de streaming ao vivo da WimTV, todas as aten\u00e7\u00f5es est\u00e3o voltadas para o The Cube. Este \u00e9 o desafio extremo do ilusionista Christian Carapezza, que parece estar muito determinado a quebrar o recorde mundial e entrar no Recorde Mundial do Guinness com esta performance incr\u00edvel.<\/p>\n","protected":false},"author":9,"featured_media":7481,"comment_status":"closed","ping_status":"closed","sticky":false,"template":"","format":"standard","meta":{"_acf_changed":false,"inline_featured_image":false,"footnotes":""},"categories":[74],"tags":[],"class_list":["post-7474","post","type-post","status-publish","format-standard","has-post-thumbnail","hentry","category-blog-pt-pt"],"acf":[],"yoast_head":"<!-- This site is optimized with the Yoast SEO plugin v27.5 - https:\/\/yoast.com\/product\/yoast-seo-wordpress\/ -->\n<title>Eventos de transmiss\u00e3o ao vivo: O desafio Cube na WimTV | WimTV<\/title>\n<meta name=\"description\" content=\"WimTV \u00e9 a \u00fanica plataforma que transmite o teste extremo de Christian Carapezza ao vivo. Pubblica seus eventos de transmiss\u00e3o ao vivo.\" \/>\n<meta name=\"robots\" content=\"noindex, follow\" \/>\n<meta property=\"og:locale\" content=\"pt_PT\" \/>\n<meta property=\"og:type\" content=\"article\" \/>\n<meta property=\"og:title\" content=\"Eventos de transmiss\u00e3o ao vivo: O desafio Cube na WimTV | WimTV\" \/>\n<meta property=\"og:description\" content=\"WimTV \u00e9 a \u00fanica plataforma que transmite o teste extremo de Christian Carapezza ao vivo. Pubblica seus eventos de transmiss\u00e3o ao vivo.\" \/>\n<meta property=\"og:url\" content=\"https:\/\/www.wim.tv\/pt-pt\/blog-pt-pt\/the-cube-uma-noticia-de-recorde-entre-os-eventos-de-transmissao-ao-vivo\/\" \/>\n<meta property=\"og:site_name\" content=\"WimTV\" \/>\n<meta property=\"article:publisher\" content=\"https:\/\/www.facebook.com\/wim.tv\" \/>\n<meta property=\"article:published_time\" content=\"2021-11-25T16:07:42+00:00\" \/>\n<meta property=\"og:image\" content=\"https:\/\/www.wim.tv\/wp-content\/uploads\/2021\/11\/wimtv-news-moda-2-5.jpg\" \/>\n<meta name=\"author\" content=\"riccardo.chiariglione\" \/>\n<meta name=\"twitter:card\" content=\"summary_large_image\" \/>\n<meta name=\"twitter:label1\" content=\"Escrito por\" \/>\n\t<meta name=\"twitter:data1\" content=\"riccardo.chiariglione\" \/>\n\t<meta name=\"twitter:label2\" content=\"Tempo estimado de leitura\" \/>\n\t<meta name=\"twitter:data2\" content=\"2 minutos\" \/>\n<script type=\"application\/ld+json\" class=\"yoast-schema-graph\">{\"@context\":\"https:\\\/\\\/schema.org\",\"@graph\":[{\"@type\":\"Article\",\"@id\":\"https:\\\/\\\/www.wim.tv\\\/pt-pt\\\/blog-pt-pt\\\/the-cube-uma-noticia-de-recorde-entre-os-eventos-de-transmissao-ao-vivo\\\/#article\",\"isPartOf\":{\"@id\":\"https:\\\/\\\/www.wim.tv\\\/pt-pt\\\/blog-pt-pt\\\/the-cube-uma-noticia-de-recorde-entre-os-eventos-de-transmissao-ao-vivo\\\/\"},\"author\":{\"name\":\"riccardo.chiariglione\",\"@id\":\"https:\\\/\\\/www.wim.tv\\\/pt-pt\\\/#\\\/schema\\\/person\\\/e8904f1b8eb36024315ee2b794d34b8e\"},\"headline\":\"The Cube: uma not\u00edcia de recorde entre os eventos de transmiss\u00e3o ao vivo\",\"datePublished\":\"2021-11-25T16:07:42+00:00\",\"mainEntityOfPage\":{\"@id\":\"https:\\\/\\\/www.wim.tv\\\/pt-pt\\\/blog-pt-pt\\\/the-cube-uma-noticia-de-recorde-entre-os-eventos-de-transmissao-ao-vivo\\\/\"},\"wordCount\":417,\"image\":{\"@id\":\"https:\\\/\\\/www.wim.tv\\\/pt-pt\\\/blog-pt-pt\\\/the-cube-uma-noticia-de-recorde-entre-os-eventos-de-transmissao-ao-vivo\\\/#primaryimage\"},\"thumbnailUrl\":\"https:\\\/\\\/www.wim.tv\\\/wp-content\\\/uploads\\\/2021\\\/11\\\/carapezza-live.jpg\",\"articleSection\":[\"Blog\"],\"inLanguage\":\"pt-PT\"},{\"@type\":\"WebPage\",\"@id\":\"https:\\\/\\\/www.wim.tv\\\/pt-pt\\\/blog-pt-pt\\\/the-cube-uma-noticia-de-recorde-entre-os-eventos-de-transmissao-ao-vivo\\\/\",\"url\":\"https:\\\/\\\/www.wim.tv\\\/pt-pt\\\/blog-pt-pt\\\/the-cube-uma-noticia-de-recorde-entre-os-eventos-de-transmissao-ao-vivo\\\/\",\"name\":\"Eventos de transmiss\u00e3o ao vivo: O desafio Cube na WimTV | WimTV\",\"isPartOf\":{\"@id\":\"https:\\\/\\\/www.wim.tv\\\/pt-pt\\\/#website\"},\"primaryImageOfPage\":{\"@id\":\"https:\\\/\\\/www.wim.tv\\\/pt-pt\\\/blog-pt-pt\\\/the-cube-uma-noticia-de-recorde-entre-os-eventos-de-transmissao-ao-vivo\\\/#primaryimage\"},\"image\":{\"@id\":\"https:\\\/\\\/www.wim.tv\\\/pt-pt\\\/blog-pt-pt\\\/the-cube-uma-noticia-de-recorde-entre-os-eventos-de-transmissao-ao-vivo\\\/#primaryimage\"},\"thumbnailUrl\":\"https:\\\/\\\/www.wim.tv\\\/wp-content\\\/uploads\\\/2021\\\/11\\\/carapezza-live.jpg\",\"datePublished\":\"2021-11-25T16:07:42+00:00\",\"author\":{\"@id\":\"https:\\\/\\\/www.wim.tv\\\/pt-pt\\\/#\\\/schema\\\/person\\\/e8904f1b8eb36024315ee2b794d34b8e\"},\"description\":\"WimTV \u00e9 a \u00fanica plataforma que transmite o teste extremo de Christian Carapezza ao vivo. Pubblica seus eventos de transmiss\u00e3o ao vivo.\",\"breadcrumb\":{\"@id\":\"https:\\\/\\\/www.wim.tv\\\/pt-pt\\\/blog-pt-pt\\\/the-cube-uma-noticia-de-recorde-entre-os-eventos-de-transmissao-ao-vivo\\\/#breadcrumb\"},\"inLanguage\":\"pt-PT\",\"potentialAction\":[{\"@type\":\"ReadAction\",\"target\":[\"https:\\\/\\\/www.wim.tv\\\/pt-pt\\\/blog-pt-pt\\\/the-cube-uma-noticia-de-recorde-entre-os-eventos-de-transmissao-ao-vivo\\\/\"]}]},{\"@type\":\"ImageObject\",\"inLanguage\":\"pt-PT\",\"@id\":\"https:\\\/\\\/www.wim.tv\\\/pt-pt\\\/blog-pt-pt\\\/the-cube-uma-noticia-de-recorde-entre-os-eventos-de-transmissao-ao-vivo\\\/#primaryimage\",\"url\":\"https:\\\/\\\/www.wim.tv\\\/wp-content\\\/uploads\\\/2021\\\/11\\\/carapezza-live.jpg\",\"contentUrl\":\"https:\\\/\\\/www.wim.tv\\\/wp-content\\\/uploads\\\/2021\\\/11\\\/carapezza-live.jpg\",\"width\":1024,\"height\":490,\"caption\":\"Eventi in diretta streaming: la sfida di The Cube su WimTV | WimTV\"},{\"@type\":\"BreadcrumbList\",\"@id\":\"https:\\\/\\\/www.wim.tv\\\/pt-pt\\\/blog-pt-pt\\\/the-cube-uma-noticia-de-recorde-entre-os-eventos-de-transmissao-ao-vivo\\\/#breadcrumb\",\"itemListElement\":[{\"@type\":\"ListItem\",\"position\":1,\"name\":\"Home\",\"item\":\"https:\\\/\\\/www.wim.tv\\\/pt-pt\\\/\"},{\"@type\":\"ListItem\",\"position\":2,\"name\":\"The Cube: uma not\u00edcia de recorde entre os eventos de transmiss\u00e3o ao vivo\"}]},{\"@type\":\"WebSite\",\"@id\":\"https:\\\/\\\/www.wim.tv\\\/pt-pt\\\/#website\",\"url\":\"https:\\\/\\\/www.wim.tv\\\/pt-pt\\\/\",\"name\":\"WimTV\",\"description\":\"Un nuovo sito targato WordPress\",\"potentialAction\":[{\"@type\":\"SearchAction\",\"target\":{\"@type\":\"EntryPoint\",\"urlTemplate\":\"https:\\\/\\\/www.wim.tv\\\/pt-pt\\\/?s={search_term_string}\"},\"query-input\":{\"@type\":\"PropertyValueSpecification\",\"valueRequired\":true,\"valueName\":\"search_term_string\"}}],\"inLanguage\":\"pt-PT\"},{\"@type\":\"Person\",\"@id\":\"https:\\\/\\\/www.wim.tv\\\/pt-pt\\\/#\\\/schema\\\/person\\\/e8904f1b8eb36024315ee2b794d34b8e\",\"name\":\"riccardo.chiariglione\",\"image\":{\"@type\":\"ImageObject\",\"inLanguage\":\"pt-PT\",\"@id\":\"https:\\\/\\\/secure.gravatar.com\\\/avatar\\\/a10485fa66af802ce0f0dfae8f71cb179e74ff9806d744fde10dadb4ec80525e?s=96&d=mm&r=g\",\"url\":\"https:\\\/\\\/secure.gravatar.com\\\/avatar\\\/a10485fa66af802ce0f0dfae8f71cb179e74ff9806d744fde10dadb4ec80525e?s=96&d=mm&r=g\",\"contentUrl\":\"https:\\\/\\\/secure.gravatar.com\\\/avatar\\\/a10485fa66af802ce0f0dfae8f71cb179e74ff9806d744fde10dadb4ec80525e?s=96&d=mm&r=g\",\"caption\":\"riccardo.chiariglione\"}}]}<\/script>\n<!-- \/ Yoast SEO plugin. -->","yoast_head_json":{"title":"Eventos de transmiss\u00e3o ao vivo: O desafio Cube na WimTV | WimTV","description":"WimTV \u00e9 a \u00fanica plataforma que transmite o teste extremo de Christian Carapezza ao vivo. Pubblica seus eventos de transmiss\u00e3o ao vivo.","robots":{"index":"noindex","follow":"follow"},"og_locale":"pt_PT","og_type":"article","og_title":"Eventos de transmiss\u00e3o ao vivo: O desafio Cube na WimTV | WimTV","og_description":"WimTV \u00e9 a \u00fanica plataforma que transmite o teste extremo de Christian Carapezza ao vivo. Pubblica seus eventos de transmiss\u00e3o ao vivo.","og_url":"https:\/\/www.wim.tv\/pt-pt\/blog-pt-pt\/the-cube-uma-noticia-de-recorde-entre-os-eventos-de-transmissao-ao-vivo\/","og_site_name":"WimTV","article_publisher":"https:\/\/www.facebook.com\/wim.tv","article_published_time":"2021-11-25T16:07:42+00:00","og_image":[{"url":"https:\/\/www.wim.tv\/wp-content\/uploads\/2021\/11\/wimtv-news-moda-2-5.jpg","type":"","width":"","height":""}],"author":"riccardo.chiariglione","twitter_card":"summary_large_image","twitter_misc":{"Escrito por":"riccardo.chiariglione","Tempo estimado de leitura":"2 minutos"},"schema":{"@context":"https:\/\/schema.org","@graph":[{"@type":"Article","@id":"https:\/\/www.wim.tv\/pt-pt\/blog-pt-pt\/the-cube-uma-noticia-de-recorde-entre-os-eventos-de-transmissao-ao-vivo\/#article","isPartOf":{"@id":"https:\/\/www.wim.tv\/pt-pt\/blog-pt-pt\/the-cube-uma-noticia-de-recorde-entre-os-eventos-de-transmissao-ao-vivo\/"},"author":{"name":"riccardo.chiariglione","@id":"https:\/\/www.wim.tv\/pt-pt\/#\/schema\/person\/e8904f1b8eb36024315ee2b794d34b8e"},"headline":"The Cube: uma not\u00edcia de recorde entre os eventos de transmiss\u00e3o ao vivo","datePublished":"2021-11-25T16:07:42+00:00","mainEntityOfPage":{"@id":"https:\/\/www.wim.tv\/pt-pt\/blog-pt-pt\/the-cube-uma-noticia-de-recorde-entre-os-eventos-de-transmissao-ao-vivo\/"},"wordCount":417,"image":{"@id":"https:\/\/www.wim.tv\/pt-pt\/blog-pt-pt\/the-cube-uma-noticia-de-recorde-entre-os-eventos-de-transmissao-ao-vivo\/#primaryimage"},"thumbnailUrl":"https:\/\/www.wim.tv\/wp-content\/uploads\/2021\/11\/carapezza-live.jpg","articleSection":["Blog"],"inLanguage":"pt-PT"},{"@type":"WebPage","@id":"https:\/\/www.wim.tv\/pt-pt\/blog-pt-pt\/the-cube-uma-noticia-de-recorde-entre-os-eventos-de-transmissao-ao-vivo\/","url":"https:\/\/www.wim.tv\/pt-pt\/blog-pt-pt\/the-cube-uma-noticia-de-recorde-entre-os-eventos-de-transmissao-ao-vivo\/","name":"Eventos de transmiss\u00e3o ao vivo: O desafio Cube na WimTV | WimTV","isPartOf":{"@id":"https:\/\/www.wim.tv\/pt-pt\/#website"},"primaryImageOfPage":{"@id":"https:\/\/www.wim.tv\/pt-pt\/blog-pt-pt\/the-cube-uma-noticia-de-recorde-entre-os-eventos-de-transmissao-ao-vivo\/#primaryimage"},"image":{"@id":"https:\/\/www.wim.tv\/pt-pt\/blog-pt-pt\/the-cube-uma-noticia-de-recorde-entre-os-eventos-de-transmissao-ao-vivo\/#primaryimage"},"thumbnailUrl":"https:\/\/www.wim.tv\/wp-content\/uploads\/2021\/11\/carapezza-live.jpg","datePublished":"2021-11-25T16:07:42+00:00","author":{"@id":"https:\/\/www.wim.tv\/pt-pt\/#\/schema\/person\/e8904f1b8eb36024315ee2b794d34b8e"},"description":"WimTV \u00e9 a \u00fanica plataforma que transmite o teste extremo de Christian Carapezza ao vivo. Pubblica seus eventos de transmiss\u00e3o ao vivo.","breadcrumb":{"@id":"https:\/\/www.wim.tv\/pt-pt\/blog-pt-pt\/the-cube-uma-noticia-de-recorde-entre-os-eventos-de-transmissao-ao-vivo\/#breadcrumb"},"inLanguage":"pt-PT","potentialAction":[{"@type":"ReadAction","target":["https:\/\/www.wim.tv\/pt-pt\/blog-pt-pt\/the-cube-uma-noticia-de-recorde-entre-os-eventos-de-transmissao-ao-vivo\/"]}]},{"@type":"ImageObject","inLanguage":"pt-PT","@id":"https:\/\/www.wim.tv\/pt-pt\/blog-pt-pt\/the-cube-uma-noticia-de-recorde-entre-os-eventos-de-transmissao-ao-vivo\/#primaryimage","url":"https:\/\/www.wim.tv\/wp-content\/uploads\/2021\/11\/carapezza-live.jpg","contentUrl":"https:\/\/www.wim.tv\/wp-content\/uploads\/2021\/11\/carapezza-live.jpg","width":1024,"height":490,"caption":"Eventi in diretta streaming: la sfida di The Cube su WimTV | WimTV"},{"@type":"BreadcrumbList","@id":"https:\/\/www.wim.tv\/pt-pt\/blog-pt-pt\/the-cube-uma-noticia-de-recorde-entre-os-eventos-de-transmissao-ao-vivo\/#breadcrumb","itemListElement":[{"@type":"ListItem","position":1,"name":"Home","item":"https:\/\/www.wim.tv\/pt-pt\/"},{"@type":"ListItem","position":2,"name":"The Cube: uma not\u00edcia de recorde entre os eventos de transmiss\u00e3o ao vivo"}]},{"@type":"WebSite","@id":"https:\/\/www.wim.tv\/pt-pt\/#website","url":"https:\/\/www.wim.tv\/pt-pt\/","name":"WimTV","description":"Un nuovo sito targato WordPress","potentialAction":[{"@type":"SearchAction","target":{"@type":"EntryPoint","urlTemplate":"https:\/\/www.wim.tv\/pt-pt\/?s={search_term_string}"},"query-input":{"@type":"PropertyValueSpecification","valueRequired":true,"valueName":"search_term_string"}}],"inLanguage":"pt-PT"},{"@type":"Person","@id":"https:\/\/www.wim.tv\/pt-pt\/#\/schema\/person\/e8904f1b8eb36024315ee2b794d34b8e","name":"riccardo.chiariglione","image":{"@type":"ImageObject","inLanguage":"pt-PT","@id":"https:\/\/secure.gravatar.com\/avatar\/a10485fa66af802ce0f0dfae8f71cb179e74ff9806d744fde10dadb4ec80525e?s=96&d=mm&r=g","url":"https:\/\/secure.gravatar.com\/avatar\/a10485fa66af802ce0f0dfae8f71cb179e74ff9806d744fde10dadb4ec80525e?s=96&d=mm&r=g","contentUrl":"https:\/\/secure.gravatar.com\/avatar\/a10485fa66af802ce0f0dfae8f71cb179e74ff9806d744fde10dadb4ec80525e?s=96&d=mm&r=g","caption":"riccardo.chiariglione"}}]}},"_links":{"self":[{"href":"https:\/\/www.wim.tv\/pt-pt\/wp-json\/wp\/v2\/posts\/7474","targetHints":{"allow":["GET"]}}],"collection":[{"href":"https:\/\/www.wim.tv\/pt-pt\/wp-json\/wp\/v2\/posts"}],"about":[{"href":"https:\/\/www.wim.tv\/pt-pt\/wp-json\/wp\/v2\/types\/post"}],"author":[{"embeddable":true,"href":"https:\/\/www.wim.tv\/pt-pt\/wp-json\/wp\/v2\/users\/9"}],"replies":[{"embeddable":true,"href":"https:\/\/www.wim.tv\/pt-pt\/wp-json\/wp\/v2\/comments?post=7474"}],"version-history":[{"count":0,"href":"https:\/\/www.wim.tv\/pt-pt\/wp-json\/wp\/v2\/posts\/7474\/revisions"}],"wp:featuredmedia":[{"embeddable":true,"href":"https:\/\/www.wim.tv\/pt-pt\/wp-json\/wp\/v2\/media\/7481"}],"wp:attachment":[{"href":"https:\/\/www.wim.tv\/pt-pt\/wp-json\/wp\/v2\/media?parent=7474"}],"wp:term":[{"taxonomy":"category","embeddable":true,"href":"https:\/\/www.wim.tv\/pt-pt\/wp-json\/wp\/v2\/categories?post=7474"},{"taxonomy":"post_tag","embeddable":true,"href":"https:\/\/www.wim.tv\/pt-pt\/wp-json\/wp\/v2\/tags?post=7474"}],"curies":[{"name":"wp","href":"https:\/\/api.w.org\/{rel}","templated":true}]}}