{"id":3779,"date":"2021-01-18T09:33:26","date_gmt":"2021-01-18T08:33:26","guid":{"rendered":"https:\/\/www.wim.tv\/?p=3779"},"modified":"2021-02-19T15:34:04","modified_gmt":"2021-02-19T14:34:04","slug":"wimtv-et-covid-19","status":"publish","type":"post","link":"https:\/\/www.wim.tv\/fr\/blog-fr\/wimtv-et-covid-19\/","title":{"rendered":"WimTV et Covid-19"},"content":{"rendered":"<p>Apparemment, WimTV et Covid-19 n&rsquo;ont rien en commun, mais ce n&rsquo;est pas le cas.<br \/>\nCovid-19 est la cause de la grande pand\u00e9mie qui a eu et continue d&rsquo;avoir un impact sur la vie de milliards de personnes, ce qui nous emp\u00eache parfois de travailler ou impose des contraintes importantes \u00e0 notre travail.<br \/>\nCertains disent que Covid-19 est \u00e9galement d\u00fb \u00e0 notre pr\u00e9sence trop\u00a0<span lang=\"fr\">encombrante\u00a0<\/span>sur une plan\u00e8te &#8211; la Terre &#8211; qui devient trop petite pour le nombre et les activit\u00e9s des humains qui y habitent.<br \/>\nCovid-19 nous a conduit \u00e0 d\u00e9couvrir ce qui aurait d\u00fb \u00eatre clair m\u00eame sans Covid-19: la technologie, dont nous avons jusqu&rsquo;ici exploit\u00e9 les b\u00e9n\u00e9fices de mani\u00e8re plut\u00f4t superficielle, nous permet de faire des choses qui r\u00e9duisent l&rsquo;impact de l&rsquo;homme sur l&rsquo;environnement. et nous conduire vers une vie, priv\u00e9e et professionnelle, diff\u00e9rente, parfois meilleure.<br \/>\nWimTV est une d\u00e9monstration de ce que je dis. Nos clients font des choses beaucoup\u00a0 plus \u00a0int\u00e9ressantes et innovatrices qu&rsquo;il y a 12 mois.<br \/>\nLa pand\u00e9mie prendra fin, esp\u00e9rons-le bient\u00f4t, mais la capacit\u00e9 d&rsquo;utiliser la technologie pour revoir la fa\u00e7on dont nous faisons les choses que la pand\u00e9mie nous a appris ch\u00e8rement restera.<\/p>\n","protected":false},"excerpt":{"rendered":"<p>Apparemment, WimTV et Covid-19 n&rsquo;ont rien en commun, mais ce n&rsquo;est pas le cas. Covid-19 est la cause de la grande pand\u00e9mie qui a eu et continue d&rsquo;avoir un impact sur la vie de milliards de personnes, ce qui nous emp\u00eache parfois de travailler ou impose des contraintes importantes \u00e0 notre travail. Certains disent que [&hellip;]<\/p>\n","protected":false},"author":9,"featured_media":3787,"comment_status":"closed","ping_status":"closed","sticky":false,"template":"","format":"standard","meta":{"_acf_changed":false,"inline_featured_image":false,"footnotes":""},"categories":[73],"tags":[],"class_list":["post-3779","post","type-post","status-publish","format-standard","has-post-thumbnail","hentry","category-blog-fr"],"acf":[],"yoast_head":"<!-- This site is optimized with the Yoast SEO plugin v27.5 - https:\/\/yoast.com\/product\/yoast-seo-wordpress\/ -->\n<title>WimTV et Covid-19 - WimTV<\/title>\n<meta name=\"robots\" content=\"noindex, follow\" \/>\n<meta property=\"og:locale\" content=\"fr_FR\" \/>\n<meta property=\"og:type\" content=\"article\" \/>\n<meta property=\"og:title\" content=\"WimTV et Covid-19 - WimTV\" \/>\n<meta property=\"og:description\" content=\"Apparemment, WimTV et Covid-19 n&rsquo;ont rien en commun, mais ce n&rsquo;est pas le cas. Covid-19 est la cause de la grande pand\u00e9mie qui a eu et continue d&rsquo;avoir un impact sur la vie de milliards de personnes, ce qui nous emp\u00eache parfois de travailler ou impose des contraintes importantes \u00e0 notre travail. Certains disent que [&hellip;]\" \/>\n<meta property=\"og:url\" content=\"https:\/\/www.wim.tv\/fr\/blog-fr\/wimtv-et-covid-19\/\" \/>\n<meta property=\"og:site_name\" content=\"WimTV\" \/>\n<meta property=\"article:publisher\" content=\"https:\/\/www.facebook.com\/wim.tv\" \/>\n<meta property=\"article:published_time\" content=\"2021-01-18T08:33:26+00:00\" \/>\n<meta property=\"article:modified_time\" content=\"2021-02-19T14:34:04+00:00\" \/>\n<meta property=\"og:image\" content=\"https:\/\/www.wim.tv\/wp-content\/uploads\/2021\/01\/wimtv-covid.jpg\" \/>\n\t<meta property=\"og:image:width\" content=\"900\" \/>\n\t<meta property=\"og:image:height\" content=\"600\" \/>\n\t<meta property=\"og:image:type\" content=\"image\/jpeg\" \/>\n<meta name=\"author\" content=\"riccardo.chiariglione\" \/>\n<meta name=\"twitter:card\" content=\"summary_large_image\" \/>\n<meta name=\"twitter:label1\" content=\"\u00c9crit par\" \/>\n\t<meta name=\"twitter:data1\" content=\"riccardo.chiariglione\" \/>\n\t<meta name=\"twitter:label2\" content=\"Dur\u00e9e de lecture estim\u00e9e\" \/>\n\t<meta name=\"twitter:data2\" content=\"1 minute\" \/>\n<script type=\"application\/ld+json\" class=\"yoast-schema-graph\">{\"@context\":\"https:\\\/\\\/schema.org\",\"@graph\":[{\"@type\":\"Article\",\"@id\":\"https:\\\/\\\/www.wim.tv\\\/fr\\\/blog-fr\\\/wimtv-et-covid-19\\\/#article\",\"isPartOf\":{\"@id\":\"https:\\\/\\\/www.wim.tv\\\/fr\\\/blog-fr\\\/wimtv-et-covid-19\\\/\"},\"author\":{\"name\":\"riccardo.chiariglione\",\"@id\":\"https:\\\/\\\/www.wim.tv\\\/fr\\\/#\\\/schema\\\/person\\\/e8904f1b8eb36024315ee2b794d34b8e\"},\"headline\":\"WimTV et Covid-19\",\"datePublished\":\"2021-01-18T08:33:26+00:00\",\"dateModified\":\"2021-02-19T14:34:04+00:00\",\"mainEntityOfPage\":{\"@id\":\"https:\\\/\\\/www.wim.tv\\\/fr\\\/blog-fr\\\/wimtv-et-covid-19\\\/\"},\"wordCount\":222,\"image\":{\"@id\":\"https:\\\/\\\/www.wim.tv\\\/fr\\\/blog-fr\\\/wimtv-et-covid-19\\\/#primaryimage\"},\"thumbnailUrl\":\"https:\\\/\\\/www.wim.tv\\\/wp-content\\\/uploads\\\/2021\\\/01\\\/wimtv-covid.jpg\",\"articleSection\":[\"Blog\"],\"inLanguage\":\"fr-FR\"},{\"@type\":\"WebPage\",\"@id\":\"https:\\\/\\\/www.wim.tv\\\/fr\\\/blog-fr\\\/wimtv-et-covid-19\\\/\",\"url\":\"https:\\\/\\\/www.wim.tv\\\/fr\\\/blog-fr\\\/wimtv-et-covid-19\\\/\",\"name\":\"WimTV et Covid-19 - WimTV\",\"isPartOf\":{\"@id\":\"https:\\\/\\\/www.wim.tv\\\/fr\\\/#website\"},\"primaryImageOfPage\":{\"@id\":\"https:\\\/\\\/www.wim.tv\\\/fr\\\/blog-fr\\\/wimtv-et-covid-19\\\/#primaryimage\"},\"image\":{\"@id\":\"https:\\\/\\\/www.wim.tv\\\/fr\\\/blog-fr\\\/wimtv-et-covid-19\\\/#primaryimage\"},\"thumbnailUrl\":\"https:\\\/\\\/www.wim.tv\\\/wp-content\\\/uploads\\\/2021\\\/01\\\/wimtv-covid.jpg\",\"datePublished\":\"2021-01-18T08:33:26+00:00\",\"dateModified\":\"2021-02-19T14:34:04+00:00\",\"author\":{\"@id\":\"https:\\\/\\\/www.wim.tv\\\/fr\\\/#\\\/schema\\\/person\\\/e8904f1b8eb36024315ee2b794d34b8e\"},\"breadcrumb\":{\"@id\":\"https:\\\/\\\/www.wim.tv\\\/fr\\\/blog-fr\\\/wimtv-et-covid-19\\\/#breadcrumb\"},\"inLanguage\":\"fr-FR\",\"potentialAction\":[{\"@type\":\"ReadAction\",\"target\":[\"https:\\\/\\\/www.wim.tv\\\/fr\\\/blog-fr\\\/wimtv-et-covid-19\\\/\"]}]},{\"@type\":\"ImageObject\",\"inLanguage\":\"fr-FR\",\"@id\":\"https:\\\/\\\/www.wim.tv\\\/fr\\\/blog-fr\\\/wimtv-et-covid-19\\\/#primaryimage\",\"url\":\"https:\\\/\\\/www.wim.tv\\\/wp-content\\\/uploads\\\/2021\\\/01\\\/wimtv-covid.jpg\",\"contentUrl\":\"https:\\\/\\\/www.wim.tv\\\/wp-content\\\/uploads\\\/2021\\\/01\\\/wimtv-covid.jpg\",\"width\":900,\"height\":600,\"caption\":\"wimtv-covid\"},{\"@type\":\"BreadcrumbList\",\"@id\":\"https:\\\/\\\/www.wim.tv\\\/fr\\\/blog-fr\\\/wimtv-et-covid-19\\\/#breadcrumb\",\"itemListElement\":[{\"@type\":\"ListItem\",\"position\":1,\"name\":\"Home\",\"item\":\"https:\\\/\\\/www.wim.tv\\\/fr\\\/\"},{\"@type\":\"ListItem\",\"position\":2,\"name\":\"WimTV et Covid-19\"}]},{\"@type\":\"WebSite\",\"@id\":\"https:\\\/\\\/www.wim.tv\\\/fr\\\/#website\",\"url\":\"https:\\\/\\\/www.wim.tv\\\/fr\\\/\",\"name\":\"WimTV\",\"description\":\"Un nuovo sito targato WordPress\",\"potentialAction\":[{\"@type\":\"SearchAction\",\"target\":{\"@type\":\"EntryPoint\",\"urlTemplate\":\"https:\\\/\\\/www.wim.tv\\\/fr\\\/?s={search_term_string}\"},\"query-input\":{\"@type\":\"PropertyValueSpecification\",\"valueRequired\":true,\"valueName\":\"search_term_string\"}}],\"inLanguage\":\"fr-FR\"},{\"@type\":\"Person\",\"@id\":\"https:\\\/\\\/www.wim.tv\\\/fr\\\/#\\\/schema\\\/person\\\/e8904f1b8eb36024315ee2b794d34b8e\",\"name\":\"riccardo.chiariglione\",\"image\":{\"@type\":\"ImageObject\",\"inLanguage\":\"fr-FR\",\"@id\":\"https:\\\/\\\/secure.gravatar.com\\\/avatar\\\/a10485fa66af802ce0f0dfae8f71cb179e74ff9806d744fde10dadb4ec80525e?s=96&d=mm&r=g\",\"url\":\"https:\\\/\\\/secure.gravatar.com\\\/avatar\\\/a10485fa66af802ce0f0dfae8f71cb179e74ff9806d744fde10dadb4ec80525e?s=96&d=mm&r=g\",\"contentUrl\":\"https:\\\/\\\/secure.gravatar.com\\\/avatar\\\/a10485fa66af802ce0f0dfae8f71cb179e74ff9806d744fde10dadb4ec80525e?s=96&d=mm&r=g\",\"caption\":\"riccardo.chiariglione\"}}]}<\/script>\n<!-- \/ Yoast SEO plugin. -->","yoast_head_json":{"title":"WimTV et Covid-19 - WimTV","robots":{"index":"noindex","follow":"follow"},"og_locale":"fr_FR","og_type":"article","og_title":"WimTV et Covid-19 - WimTV","og_description":"Apparemment, WimTV et Covid-19 n&rsquo;ont rien en commun, mais ce n&rsquo;est pas le cas. Covid-19 est la cause de la grande pand\u00e9mie qui a eu et continue d&rsquo;avoir un impact sur la vie de milliards de personnes, ce qui nous emp\u00eache parfois de travailler ou impose des contraintes importantes \u00e0 notre travail. Certains disent que [&hellip;]","og_url":"https:\/\/www.wim.tv\/fr\/blog-fr\/wimtv-et-covid-19\/","og_site_name":"WimTV","article_publisher":"https:\/\/www.facebook.com\/wim.tv","article_published_time":"2021-01-18T08:33:26+00:00","article_modified_time":"2021-02-19T14:34:04+00:00","og_image":[{"width":900,"height":600,"url":"https:\/\/www.wim.tv\/wp-content\/uploads\/2021\/01\/wimtv-covid.jpg","type":"image\/jpeg"}],"author":"riccardo.chiariglione","twitter_card":"summary_large_image","twitter_misc":{"\u00c9crit par":"riccardo.chiariglione","Dur\u00e9e de lecture estim\u00e9e":"1 minute"},"schema":{"@context":"https:\/\/schema.org","@graph":[{"@type":"Article","@id":"https:\/\/www.wim.tv\/fr\/blog-fr\/wimtv-et-covid-19\/#article","isPartOf":{"@id":"https:\/\/www.wim.tv\/fr\/blog-fr\/wimtv-et-covid-19\/"},"author":{"name":"riccardo.chiariglione","@id":"https:\/\/www.wim.tv\/fr\/#\/schema\/person\/e8904f1b8eb36024315ee2b794d34b8e"},"headline":"WimTV et Covid-19","datePublished":"2021-01-18T08:33:26+00:00","dateModified":"2021-02-19T14:34:04+00:00","mainEntityOfPage":{"@id":"https:\/\/www.wim.tv\/fr\/blog-fr\/wimtv-et-covid-19\/"},"wordCount":222,"image":{"@id":"https:\/\/www.wim.tv\/fr\/blog-fr\/wimtv-et-covid-19\/#primaryimage"},"thumbnailUrl":"https:\/\/www.wim.tv\/wp-content\/uploads\/2021\/01\/wimtv-covid.jpg","articleSection":["Blog"],"inLanguage":"fr-FR"},{"@type":"WebPage","@id":"https:\/\/www.wim.tv\/fr\/blog-fr\/wimtv-et-covid-19\/","url":"https:\/\/www.wim.tv\/fr\/blog-fr\/wimtv-et-covid-19\/","name":"WimTV et Covid-19 - WimTV","isPartOf":{"@id":"https:\/\/www.wim.tv\/fr\/#website"},"primaryImageOfPage":{"@id":"https:\/\/www.wim.tv\/fr\/blog-fr\/wimtv-et-covid-19\/#primaryimage"},"image":{"@id":"https:\/\/www.wim.tv\/fr\/blog-fr\/wimtv-et-covid-19\/#primaryimage"},"thumbnailUrl":"https:\/\/www.wim.tv\/wp-content\/uploads\/2021\/01\/wimtv-covid.jpg","datePublished":"2021-01-18T08:33:26+00:00","dateModified":"2021-02-19T14:34:04+00:00","author":{"@id":"https:\/\/www.wim.tv\/fr\/#\/schema\/person\/e8904f1b8eb36024315ee2b794d34b8e"},"breadcrumb":{"@id":"https:\/\/www.wim.tv\/fr\/blog-fr\/wimtv-et-covid-19\/#breadcrumb"},"inLanguage":"fr-FR","potentialAction":[{"@type":"ReadAction","target":["https:\/\/www.wim.tv\/fr\/blog-fr\/wimtv-et-covid-19\/"]}]},{"@type":"ImageObject","inLanguage":"fr-FR","@id":"https:\/\/www.wim.tv\/fr\/blog-fr\/wimtv-et-covid-19\/#primaryimage","url":"https:\/\/www.wim.tv\/wp-content\/uploads\/2021\/01\/wimtv-covid.jpg","contentUrl":"https:\/\/www.wim.tv\/wp-content\/uploads\/2021\/01\/wimtv-covid.jpg","width":900,"height":600,"caption":"wimtv-covid"},{"@type":"BreadcrumbList","@id":"https:\/\/www.wim.tv\/fr\/blog-fr\/wimtv-et-covid-19\/#breadcrumb","itemListElement":[{"@type":"ListItem","position":1,"name":"Home","item":"https:\/\/www.wim.tv\/fr\/"},{"@type":"ListItem","position":2,"name":"WimTV et Covid-19"}]},{"@type":"WebSite","@id":"https:\/\/www.wim.tv\/fr\/#website","url":"https:\/\/www.wim.tv\/fr\/","name":"WimTV","description":"Un nuovo sito targato WordPress","potentialAction":[{"@type":"SearchAction","target":{"@type":"EntryPoint","urlTemplate":"https:\/\/www.wim.tv\/fr\/?s={search_term_string}"},"query-input":{"@type":"PropertyValueSpecification","valueRequired":true,"valueName":"search_term_string"}}],"inLanguage":"fr-FR"},{"@type":"Person","@id":"https:\/\/www.wim.tv\/fr\/#\/schema\/person\/e8904f1b8eb36024315ee2b794d34b8e","name":"riccardo.chiariglione","image":{"@type":"ImageObject","inLanguage":"fr-FR","@id":"https:\/\/secure.gravatar.com\/avatar\/a10485fa66af802ce0f0dfae8f71cb179e74ff9806d744fde10dadb4ec80525e?s=96&d=mm&r=g","url":"https:\/\/secure.gravatar.com\/avatar\/a10485fa66af802ce0f0dfae8f71cb179e74ff9806d744fde10dadb4ec80525e?s=96&d=mm&r=g","contentUrl":"https:\/\/secure.gravatar.com\/avatar\/a10485fa66af802ce0f0dfae8f71cb179e74ff9806d744fde10dadb4ec80525e?s=96&d=mm&r=g","caption":"riccardo.chiariglione"}}]}},"_links":{"self":[{"href":"https:\/\/www.wim.tv\/fr\/wp-json\/wp\/v2\/posts\/3779","targetHints":{"allow":["GET"]}}],"collection":[{"href":"https:\/\/www.wim.tv\/fr\/wp-json\/wp\/v2\/posts"}],"about":[{"href":"https:\/\/www.wim.tv\/fr\/wp-json\/wp\/v2\/types\/post"}],"author":[{"embeddable":true,"href":"https:\/\/www.wim.tv\/fr\/wp-json\/wp\/v2\/users\/9"}],"replies":[{"embeddable":true,"href":"https:\/\/www.wim.tv\/fr\/wp-json\/wp\/v2\/comments?post=3779"}],"version-history":[{"count":1,"href":"https:\/\/www.wim.tv\/fr\/wp-json\/wp\/v2\/posts\/3779\/revisions"}],"predecessor-version":[{"id":3780,"href":"https:\/\/www.wim.tv\/fr\/wp-json\/wp\/v2\/posts\/3779\/revisions\/3780"}],"wp:featuredmedia":[{"embeddable":true,"href":"https:\/\/www.wim.tv\/fr\/wp-json\/wp\/v2\/media\/3787"}],"wp:attachment":[{"href":"https:\/\/www.wim.tv\/fr\/wp-json\/wp\/v2\/media?parent=3779"}],"wp:term":[{"taxonomy":"category","embeddable":true,"href":"https:\/\/www.wim.tv\/fr\/wp-json\/wp\/v2\/categories?post=3779"},{"taxonomy":"post_tag","embeddable":true,"href":"https:\/\/www.wim.tv\/fr\/wp-json\/wp\/v2\/tags?post=3779"}],"curies":[{"name":"wp","href":"https:\/\/api.w.org\/{rel}","templated":true}]}}